{"id":11321,"date":"2025-07-01T10:21:17","date_gmt":"2025-07-01T08:21:17","guid":{"rendered":"https:\/\/www.transprime.es\/?p=11321"},"modified":"2025-07-01T10:22:09","modified_gmt":"2025-07-01T08:22:09","slug":"international-logistics-exhibition-sil","status":"publish","type":"post","link":"https:\/\/www.transprime.es\/en\/international-logistics-exhibition-sil\/","title":{"rendered":"International Logistics Exhibition (SIL)"},"content":{"rendered":"<p>\u2728\u00a0<strong>Once again, the International Logistics Exhibition (SIL) has provided us with a unique space to reflect and share knowledge about the challenges of logistics and transport.<\/strong><\/p>\n<p>This 2025, we had the opportunity to organize and moderate several sessions alongside outstanding professionals, where we discussed highly relevant topics:<\/p>\n<p>\ud83c\udf0d\u00a0<strong>MARITIME TRANSPORT: How to Design Stable Logistics Scenarios Amid Disruptive Geopolitics<\/strong><br \/>\nA top-level panel featuring\u00a0<strong>Marta Torrents Fenoy (Torrents TLC), Oscar Calvo (JCV Shipping &amp; Consultant), Mariuxi Ch\u00e1vez (Orbcomm), Alfredo Noya Salgueiro (Transporeon), Cristina Rodr\u00edguez Cruz (Port of Valencia)<\/strong>and\u00a0<strong>M\u00f3nica Viloria (Ercros)<\/strong>, where we explored how to prepare for a global context full of uncertainties.<\/p>\n<p>\ud83d\ude9a\u00a0<strong>44 Tonnes: The Long Road to a New Transport Model<\/strong>\u00a0in collaboration with the\u00a0<strong>Asociaci\u00f3n de Cargadores de Espa\u00f1a (ACE)<\/strong><br \/>\nAn analytical roundtable moderated by\u00a0<strong>Laureano Vegas (Cadena de Suministro)<\/strong>\u00a0with contributions from\u00a0<strong>Carlos Cast\u00e1n (CELSA), Alberto Blanco Garc\u00eda (Carreras Grupo Log\u00edstico), Jos\u00e9 Julio Viartola Molinero (ASFARES)<\/strong>and\u00a0<strong>Duls\u00e9 D\u00edaz Fresno (CETM)<\/strong>, where we delved into the challenges and opportunities that the definitive implementation of this new regulatory framework will bring.<\/p>\n<p>\ud83e\udd1d\u00a0<strong>European CS3D Directive \u2013 How Do We Measure Ethical Logistics?<\/strong><br \/>\nAn essential debate on the impact of the new European due diligence regulation and its application in the supply chain, featuring\u00a0<strong>Jose Maria Declara (LINDE), Ra\u00fal Fern\u00e1ndez Machado (CargoON), Oriol Montany\u00e0 (UPF)<\/strong>\u00a0and\u00a0<strong>Fernando Vi\u00f1uales Buil (ACF Innove)<\/strong>, moderated by\u00a0<strong>Francisco Javier Miranda Descalzo (Transporte XXI)<\/strong>.<\/p>\n<p>\ud83d\udc4f Thank you to all the experts, attendees and organizations who made these sessions so enriching. And of course, to the organizers of the\u00a0<strong>International Logistics Exhibition (SIL)<\/strong>\u00a0for continuing to drive this essential meeting point for logistics and for keeping us involved.<\/p>\n<p>We remain committed to working together for logistics that is more ethical, efficient and resilient.<\/p>\n<p>#SIL2025 #Logistics #Transport #ShipperOfTrust #CS3D #Innovation #SSC #Transprime<\/p>\n","protected":false},"excerpt":{"rendered":"<p>\u2728\u00a0Once again, the International Logistics Exhibition (SIL) has provided us with a unique space to reflect and share knowledge about the challenges of logistics and transport. This 2025, we had the opportunity to organize and moderate several sessions alongside outstanding professionals, where we discussed highly relevant topics: \ud83c\udf0d\u00a0MARITIME TRANSPORT: How to Design Stable Logistics Scenarios [&hellip;]<\/p>\n","protected":false},"author":1,"featured_media":11333,"comment_status":"closed","ping_status":"open","sticky":false,"template":"","format":"standard","meta":{"footnotes":""},"categories":[35],"tags":[],"class_list":["post-11321","post","type-post","status-publish","format-standard","has-post-thumbnail","hentry","category-news"],"yoast_head":"<!-- This site is optimized with the Yoast SEO plugin v28.0 - https:\/\/yoast.com\/product\/yoast-seo-wordpress\/ -->\n<title>International Logistics Exhibition (SIL) - Transprime<\/title>\n<meta name=\"description\" content=\"The International Logistics Exhibition (SIL) a unique space to share knowledge about the challenges of logistics and transport.\" \/>\n<meta name=\"robots\" content=\"index, follow, max-snippet:-1, max-image-preview:large, max-video-preview:-1\" \/>\n<link rel=\"canonical\" href=\"https:\/\/www.transprime.es\/en\/international-logistics-exhibition-sil\/\" \/>\n<meta property=\"og:locale\" content=\"en_US\" \/>\n<meta property=\"og:type\" content=\"article\" \/>\n<meta property=\"og:title\" content=\"International Logistics Exhibition (SIL) - Transprime\" \/>\n<meta property=\"og:description\" content=\"The International Logistics Exhibition (SIL) a unique space to share knowledge about the challenges of logistics and transport.\" \/>\n<meta property=\"og:url\" content=\"https:\/\/www.transprime.es\/en\/international-logistics-exhibition-sil\/\" \/>\n<meta property=\"og:site_name\" content=\"Transprime\" \/>\n<meta property=\"article:published_time\" content=\"2025-07-01T08:21:17+00:00\" \/>\n<meta property=\"article:modified_time\" content=\"2025-07-01T08:22:09+00:00\" \/>\n<meta property=\"og:image\" content=\"https:\/\/www.transprime.es\/wp-content\/uploads\/2025\/07\/sil-2025-1-1030x667.jpg\" \/>\n\t<meta property=\"og:image:width\" content=\"1030\" \/>\n\t<meta property=\"og:image:height\" content=\"667\" \/>\n\t<meta property=\"og:image:type\" content=\"image\/jpeg\" \/>\n<meta name=\"author\" content=\"clemente\" \/>\n<meta name=\"twitter:card\" content=\"summary_large_image\" \/>\n<meta name=\"twitter:label1\" content=\"Written by\" \/>\n\t<meta name=\"twitter:data1\" content=\"clemente\" \/>\n\t<meta name=\"twitter:label2\" content=\"Est. reading time\" \/>\n\t<meta name=\"twitter:data2\" content=\"2 minutes\" \/>\n<script type=\"application\/ld+json\" class=\"yoast-schema-graph\">{\"@context\":\"https:\\\/\\\/schema.org\",\"@graph\":[{\"@type\":\"Article\",\"@id\":\"https:\\\/\\\/www.transprime.es\\\/en\\\/international-logistics-exhibition-sil\\\/#article\",\"isPartOf\":{\"@id\":\"https:\\\/\\\/www.transprime.es\\\/en\\\/international-logistics-exhibition-sil\\\/\"},\"author\":{\"name\":\"clemente\",\"@id\":\"https:\\\/\\\/www.transprime.es\\\/#\\\/schema\\\/person\\\/9396068b3f58627d12e8a43ecec4c367\"},\"headline\":\"International Logistics Exhibition (SIL)\",\"datePublished\":\"2025-07-01T08:21:17+00:00\",\"dateModified\":\"2025-07-01T08:22:09+00:00\",\"mainEntityOfPage\":{\"@id\":\"https:\\\/\\\/www.transprime.es\\\/en\\\/international-logistics-exhibition-sil\\\/\"},\"wordCount\":310,\"publisher\":{\"@id\":\"https:\\\/\\\/www.transprime.es\\\/#organization\"},\"image\":{\"@id\":\"https:\\\/\\\/www.transprime.es\\\/en\\\/international-logistics-exhibition-sil\\\/#primaryimage\"},\"thumbnailUrl\":\"https:\\\/\\\/www.transprime.es\\\/wp-content\\\/uploads\\\/2025\\\/07\\\/cocktail-ccr-1-scaled.jpg\",\"articleSection\":[\"News\"],\"inLanguage\":\"en-US\"},{\"@type\":\"WebPage\",\"@id\":\"https:\\\/\\\/www.transprime.es\\\/en\\\/international-logistics-exhibition-sil\\\/\",\"url\":\"https:\\\/\\\/www.transprime.es\\\/en\\\/international-logistics-exhibition-sil\\\/\",\"name\":\"International Logistics Exhibition (SIL) - Transprime\",\"isPartOf\":{\"@id\":\"https:\\\/\\\/www.transprime.es\\\/#website\"},\"primaryImageOfPage\":{\"@id\":\"https:\\\/\\\/www.transprime.es\\\/en\\\/international-logistics-exhibition-sil\\\/#primaryimage\"},\"image\":{\"@id\":\"https:\\\/\\\/www.transprime.es\\\/en\\\/international-logistics-exhibition-sil\\\/#primaryimage\"},\"thumbnailUrl\":\"https:\\\/\\\/www.transprime.es\\\/wp-content\\\/uploads\\\/2025\\\/07\\\/cocktail-ccr-1-scaled.jpg\",\"datePublished\":\"2025-07-01T08:21:17+00:00\",\"dateModified\":\"2025-07-01T08:22:09+00:00\",\"description\":\"The International Logistics Exhibition (SIL) a unique space to share knowledge about the challenges of logistics and transport.\",\"breadcrumb\":{\"@id\":\"https:\\\/\\\/www.transprime.es\\\/en\\\/international-logistics-exhibition-sil\\\/#breadcrumb\"},\"inLanguage\":\"en-US\",\"potentialAction\":[{\"@type\":\"ReadAction\",\"target\":[\"https:\\\/\\\/www.transprime.es\\\/en\\\/international-logistics-exhibition-sil\\\/\"]}]},{\"@type\":\"ImageObject\",\"inLanguage\":\"en-US\",\"@id\":\"https:\\\/\\\/www.transprime.es\\\/en\\\/international-logistics-exhibition-sil\\\/#primaryimage\",\"url\":\"https:\\\/\\\/www.transprime.es\\\/wp-content\\\/uploads\\\/2025\\\/07\\\/cocktail-ccr-1-scaled.jpg\",\"contentUrl\":\"https:\\\/\\\/www.transprime.es\\\/wp-content\\\/uploads\\\/2025\\\/07\\\/cocktail-ccr-1-scaled.jpg\",\"width\":2560,\"height\":1658,\"caption\":\"Cocktail del Certificado Cargador Responsable (CCR)\"},{\"@type\":\"BreadcrumbList\",\"@id\":\"https:\\\/\\\/www.transprime.es\\\/en\\\/international-logistics-exhibition-sil\\\/#breadcrumb\",\"itemListElement\":[{\"@type\":\"ListItem\",\"position\":1,\"name\":\"Portada\",\"item\":\"https:\\\/\\\/www.transprime.es\\\/en\\\/\"},{\"@type\":\"ListItem\",\"position\":2,\"name\":\"International Logistics Exhibition (SIL)\"}]},{\"@type\":\"WebSite\",\"@id\":\"https:\\\/\\\/www.transprime.es\\\/#website\",\"url\":\"https:\\\/\\\/www.transprime.es\\\/\",\"name\":\"Transprime\",\"description\":\"ASOCIACI\u00d3N ESPA\u00d1OLA DE EMPRESAS CARGADORAS\",\"publisher\":{\"@id\":\"https:\\\/\\\/www.transprime.es\\\/#organization\"},\"potentialAction\":[{\"@type\":\"SearchAction\",\"target\":{\"@type\":\"EntryPoint\",\"urlTemplate\":\"https:\\\/\\\/www.transprime.es\\\/?s={search_term_string}\"},\"query-input\":{\"@type\":\"PropertyValueSpecification\",\"valueRequired\":true,\"valueName\":\"search_term_string\"}}],\"inLanguage\":\"en-US\"},{\"@type\":\"Organization\",\"@id\":\"https:\\\/\\\/www.transprime.es\\\/#organization\",\"name\":\"TRANSPRIME\",\"url\":\"https:\\\/\\\/www.transprime.es\\\/\",\"logo\":{\"@type\":\"ImageObject\",\"inLanguage\":\"en-US\",\"@id\":\"https:\\\/\\\/www.transprime.es\\\/#\\\/schema\\\/logo\\\/image\\\/\",\"url\":\"https:\\\/\\\/www.transprime.es\\\/wp-content\\\/uploads\\\/2017\\\/08\\\/favicon.png\",\"contentUrl\":\"https:\\\/\\\/www.transprime.es\\\/wp-content\\\/uploads\\\/2017\\\/08\\\/favicon.png\",\"width\":100,\"height\":100,\"caption\":\"TRANSPRIME\"},\"image\":{\"@id\":\"https:\\\/\\\/www.transprime.es\\\/#\\\/schema\\\/logo\\\/image\\\/\"}},{\"@type\":\"Person\",\"@id\":\"https:\\\/\\\/www.transprime.es\\\/#\\\/schema\\\/person\\\/9396068b3f58627d12e8a43ecec4c367\",\"name\":\"clemente\",\"image\":{\"@type\":\"ImageObject\",\"inLanguage\":\"en-US\",\"@id\":\"https:\\\/\\\/secure.gravatar.com\\\/avatar\\\/0fda541535b63d13fb057fe764c776f76bf9e6e1223f05a547d4b39f9045948e?s=96&d=mm&r=g\",\"url\":\"https:\\\/\\\/secure.gravatar.com\\\/avatar\\\/0fda541535b63d13fb057fe764c776f76bf9e6e1223f05a547d4b39f9045948e?s=96&d=mm&r=g\",\"contentUrl\":\"https:\\\/\\\/secure.gravatar.com\\\/avatar\\\/0fda541535b63d13fb057fe764c776f76bf9e6e1223f05a547d4b39f9045948e?s=96&d=mm&r=g\",\"caption\":\"clemente\"},\"url\":\"https:\\\/\\\/www.transprime.es\\\/en\\\/author\\\/clemente\\\/\"}]}<\/script>\n<!-- \/ Yoast SEO plugin. -->","yoast_head_json":{"title":"International Logistics Exhibition (SIL) - Transprime","description":"The International Logistics Exhibition (SIL) a unique space to share knowledge about the challenges of logistics and transport.","robots":{"index":"index","follow":"follow","max-snippet":"max-snippet:-1","max-image-preview":"max-image-preview:large","max-video-preview":"max-video-preview:-1"},"canonical":"https:\/\/www.transprime.es\/en\/international-logistics-exhibition-sil\/","og_locale":"en_US","og_type":"article","og_title":"International Logistics Exhibition (SIL) - Transprime","og_description":"The International Logistics Exhibition (SIL) a unique space to share knowledge about the challenges of logistics and transport.","og_url":"https:\/\/www.transprime.es\/en\/international-logistics-exhibition-sil\/","og_site_name":"Transprime","article_published_time":"2025-07-01T08:21:17+00:00","article_modified_time":"2025-07-01T08:22:09+00:00","og_image":[{"width":1030,"height":667,"url":"https:\/\/www.transprime.es\/wp-content\/uploads\/2025\/07\/sil-2025-1-1030x667.jpg","type":"image\/jpeg"}],"author":"clemente","twitter_card":"summary_large_image","twitter_misc":{"Written by":"clemente","Est. reading time":"2 minutes"},"schema":{"@context":"https:\/\/schema.org","@graph":[{"@type":"Article","@id":"https:\/\/www.transprime.es\/en\/international-logistics-exhibition-sil\/#article","isPartOf":{"@id":"https:\/\/www.transprime.es\/en\/international-logistics-exhibition-sil\/"},"author":{"name":"clemente","@id":"https:\/\/www.transprime.es\/#\/schema\/person\/9396068b3f58627d12e8a43ecec4c367"},"headline":"International Logistics Exhibition (SIL)","datePublished":"2025-07-01T08:21:17+00:00","dateModified":"2025-07-01T08:22:09+00:00","mainEntityOfPage":{"@id":"https:\/\/www.transprime.es\/en\/international-logistics-exhibition-sil\/"},"wordCount":310,"publisher":{"@id":"https:\/\/www.transprime.es\/#organization"},"image":{"@id":"https:\/\/www.transprime.es\/en\/international-logistics-exhibition-sil\/#primaryimage"},"thumbnailUrl":"https:\/\/www.transprime.es\/wp-content\/uploads\/2025\/07\/cocktail-ccr-1-scaled.jpg","articleSection":["News"],"inLanguage":"en-US"},{"@type":"WebPage","@id":"https:\/\/www.transprime.es\/en\/international-logistics-exhibition-sil\/","url":"https:\/\/www.transprime.es\/en\/international-logistics-exhibition-sil\/","name":"International Logistics Exhibition (SIL) - Transprime","isPartOf":{"@id":"https:\/\/www.transprime.es\/#website"},"primaryImageOfPage":{"@id":"https:\/\/www.transprime.es\/en\/international-logistics-exhibition-sil\/#primaryimage"},"image":{"@id":"https:\/\/www.transprime.es\/en\/international-logistics-exhibition-sil\/#primaryimage"},"thumbnailUrl":"https:\/\/www.transprime.es\/wp-content\/uploads\/2025\/07\/cocktail-ccr-1-scaled.jpg","datePublished":"2025-07-01T08:21:17+00:00","dateModified":"2025-07-01T08:22:09+00:00","description":"The International Logistics Exhibition (SIL) a unique space to share knowledge about the challenges of logistics and transport.","breadcrumb":{"@id":"https:\/\/www.transprime.es\/en\/international-logistics-exhibition-sil\/#breadcrumb"},"inLanguage":"en-US","potentialAction":[{"@type":"ReadAction","target":["https:\/\/www.transprime.es\/en\/international-logistics-exhibition-sil\/"]}]},{"@type":"ImageObject","inLanguage":"en-US","@id":"https:\/\/www.transprime.es\/en\/international-logistics-exhibition-sil\/#primaryimage","url":"https:\/\/www.transprime.es\/wp-content\/uploads\/2025\/07\/cocktail-ccr-1-scaled.jpg","contentUrl":"https:\/\/www.transprime.es\/wp-content\/uploads\/2025\/07\/cocktail-ccr-1-scaled.jpg","width":2560,"height":1658,"caption":"Cocktail del Certificado Cargador Responsable (CCR)"},{"@type":"BreadcrumbList","@id":"https:\/\/www.transprime.es\/en\/international-logistics-exhibition-sil\/#breadcrumb","itemListElement":[{"@type":"ListItem","position":1,"name":"Portada","item":"https:\/\/www.transprime.es\/en\/"},{"@type":"ListItem","position":2,"name":"International Logistics Exhibition (SIL)"}]},{"@type":"WebSite","@id":"https:\/\/www.transprime.es\/#website","url":"https:\/\/www.transprime.es\/","name":"Transprime","description":"ASOCIACI\u00d3N ESPA\u00d1OLA DE EMPRESAS CARGADORAS","publisher":{"@id":"https:\/\/www.transprime.es\/#organization"},"potentialAction":[{"@type":"SearchAction","target":{"@type":"EntryPoint","urlTemplate":"https:\/\/www.transprime.es\/?s={search_term_string}"},"query-input":{"@type":"PropertyValueSpecification","valueRequired":true,"valueName":"search_term_string"}}],"inLanguage":"en-US"},{"@type":"Organization","@id":"https:\/\/www.transprime.es\/#organization","name":"TRANSPRIME","url":"https:\/\/www.transprime.es\/","logo":{"@type":"ImageObject","inLanguage":"en-US","@id":"https:\/\/www.transprime.es\/#\/schema\/logo\/image\/","url":"https:\/\/www.transprime.es\/wp-content\/uploads\/2017\/08\/favicon.png","contentUrl":"https:\/\/www.transprime.es\/wp-content\/uploads\/2017\/08\/favicon.png","width":100,"height":100,"caption":"TRANSPRIME"},"image":{"@id":"https:\/\/www.transprime.es\/#\/schema\/logo\/image\/"}},{"@type":"Person","@id":"https:\/\/www.transprime.es\/#\/schema\/person\/9396068b3f58627d12e8a43ecec4c367","name":"clemente","image":{"@type":"ImageObject","inLanguage":"en-US","@id":"https:\/\/secure.gravatar.com\/avatar\/0fda541535b63d13fb057fe764c776f76bf9e6e1223f05a547d4b39f9045948e?s=96&d=mm&r=g","url":"https:\/\/secure.gravatar.com\/avatar\/0fda541535b63d13fb057fe764c776f76bf9e6e1223f05a547d4b39f9045948e?s=96&d=mm&r=g","contentUrl":"https:\/\/secure.gravatar.com\/avatar\/0fda541535b63d13fb057fe764c776f76bf9e6e1223f05a547d4b39f9045948e?s=96&d=mm&r=g","caption":"clemente"},"url":"https:\/\/www.transprime.es\/en\/author\/clemente\/"}]}},"_links":{"self":[{"href":"https:\/\/www.transprime.es\/en\/wp-json\/wp\/v2\/posts\/11321","targetHints":{"allow":["GET"]}}],"collection":[{"href":"https:\/\/www.transprime.es\/en\/wp-json\/wp\/v2\/posts"}],"about":[{"href":"https:\/\/www.transprime.es\/en\/wp-json\/wp\/v2\/types\/post"}],"author":[{"embeddable":true,"href":"https:\/\/www.transprime.es\/en\/wp-json\/wp\/v2\/users\/1"}],"replies":[{"embeddable":true,"href":"https:\/\/www.transprime.es\/en\/wp-json\/wp\/v2\/comments?post=11321"}],"version-history":[{"count":3,"href":"https:\/\/www.transprime.es\/en\/wp-json\/wp\/v2\/posts\/11321\/revisions"}],"predecessor-version":[{"id":11329,"href":"https:\/\/www.transprime.es\/en\/wp-json\/wp\/v2\/posts\/11321\/revisions\/11329"}],"wp:featuredmedia":[{"embeddable":true,"href":"https:\/\/www.transprime.es\/en\/wp-json\/wp\/v2\/media\/11333"}],"wp:attachment":[{"href":"https:\/\/www.transprime.es\/en\/wp-json\/wp\/v2\/media?parent=11321"}],"wp:term":[{"taxonomy":"category","embeddable":true,"href":"https:\/\/www.transprime.es\/en\/wp-json\/wp\/v2\/categories?post=11321"},{"taxonomy":"post_tag","embeddable":true,"href":"https:\/\/www.transprime.es\/en\/wp-json\/wp\/v2\/tags?post=11321"}],"curies":[{"name":"wp","href":"https:\/\/api.w.org\/{rel}","templated":true}]}}